{"id":571,"date":"2011-12-29T15:03:37","date_gmt":"2011-12-29T14:03:37","guid":{"rendered":"http:\/\/www.zaepfletrinker.de\/he1\/wordpress\/?p=571"},"modified":"2012-01-24T16:01:04","modified_gmt":"2012-01-24T15:01:04","slug":"fahrt-nach-koln-zum-fasnetsauftakt-vorstetter-amtsblatt","status":"publish","type":"post","link":"https:\/\/www.zaepfletrinker.de\/he1\/wordpress\/?p=571","title":{"rendered":"Fahrt nach K\u00f6ln zum Fasnetsauftakt &#8211; V\u00f6rstetter Amtsblatt"},"content":{"rendered":"<p><a href=\"http:\/\/www.zaepfletrinker.de\/he1\/wordpress\/wp-content\/uploads\/2011\/12\/koeln_amtsblatt.jpg\" target=\"_blank\"><img loading=\"lazy\" decoding=\"async\" class=\"alignnone size-medium wp-image-572\" title=\"Fahrt nach K\u00f6ln zum Fasnetsauftakt - V\u00f6rstetter Amtsblatt\" src=\"http:\/\/www.zaepfletrinker.de\/he1\/wordpress\/wp-content\/uploads\/2011\/12\/koeln_amtsblatt-300x295.jpg\" alt=\"\" width=\"300\" height=\"295\" srcset=\"https:\/\/www.zaepfletrinker.de\/he1\/wordpress\/wp-content\/uploads\/2011\/12\/koeln_amtsblatt-300x295.jpg 300w, https:\/\/www.zaepfletrinker.de\/he1\/wordpress\/wp-content\/uploads\/2011\/12\/koeln_amtsblatt.jpg 800w\" sizes=\"auto, (max-width: 300px) 100vw, 300px\" \/><\/a><\/p>\n<p>(Doppellklick \u00f6ffnet Artikel in Originalgr\u00f6\u00dfe)<\/p>\n","protected":false},"excerpt":{"rendered":"<p>(Doppellklick \u00f6ffnet Artikel in Originalgr\u00f6\u00dfe)<\/p>\n","protected":false},"author":3,"featured_media":572,"comment_status":"closed","ping_status":"closed","sticky":false,"template":"","format":"standard","meta":{"ngg_post_thumbnail":0,"footnotes":""},"categories":[8],"tags":[],"class_list":["post-571","post","type-post","status-publish","format-standard","has-post-thumbnail","hentry","category-presse"],"_links":{"self":[{"href":"https:\/\/www.zaepfletrinker.de\/he1\/wordpress\/index.php?rest_route=\/wp\/v2\/posts\/571","targetHints":{"allow":["GET"]}}],"collection":[{"href":"https:\/\/www.zaepfletrinker.de\/he1\/wordpress\/index.php?rest_route=\/wp\/v2\/posts"}],"about":[{"href":"https:\/\/www.zaepfletrinker.de\/he1\/wordpress\/index.php?rest_route=\/wp\/v2\/types\/post"}],"author":[{"embeddable":true,"href":"https:\/\/www.zaepfletrinker.de\/he1\/wordpress\/index.php?rest_route=\/wp\/v2\/users\/3"}],"replies":[{"embeddable":true,"href":"https:\/\/www.zaepfletrinker.de\/he1\/wordpress\/index.php?rest_route=%2Fwp%2Fv2%2Fcomments&post=571"}],"version-history":[{"count":3,"href":"https:\/\/www.zaepfletrinker.de\/he1\/wordpress\/index.php?rest_route=\/wp\/v2\/posts\/571\/revisions"}],"predecessor-version":[{"id":759,"href":"https:\/\/www.zaepfletrinker.de\/he1\/wordpress\/index.php?rest_route=\/wp\/v2\/posts\/571\/revisions\/759"}],"wp:featuredmedia":[{"embeddable":true,"href":"https:\/\/www.zaepfletrinker.de\/he1\/wordpress\/index.php?rest_route=\/wp\/v2\/media\/572"}],"wp:attachment":[{"href":"https:\/\/www.zaepfletrinker.de\/he1\/wordpress\/index.php?rest_route=%2Fwp%2Fv2%2Fmedia&parent=571"}],"wp:term":[{"taxonomy":"category","embeddable":true,"href":"https:\/\/www.zaepfletrinker.de\/he1\/wordpress\/index.php?rest_route=%2Fwp%2Fv2%2Fcategories&post=571"},{"taxonomy":"post_tag","embeddable":true,"href":"https:\/\/www.zaepfletrinker.de\/he1\/wordpress\/index.php?rest_route=%2Fwp%2Fv2%2Ftags&post=571"}],"curies":[{"name":"wp","href":"https:\/\/api.w.org\/{rel}","templated":true}]}}